
			
				

					
				

			
		{"items":"\n\t\t\t\t\t\t\t\t\t\t\t\n<article id=\"post-287925\" class=\"wd-post blog-design-masonry blog-post-loop blog-style-bg wd-add-shadow wd-col post-287925 post type-post status-publish format-standard has-post-thumbnail hentry category-presse\">\n\t<div class=\"article-inner\">\n\t\t\t\t\t<header class=\"entry-header\">\n\t\t\t\t\t\t\t\t\t<figure id=\"carousel-862\" class=\"entry-thumbnail\">\n\t\t\t\t\t\t\n\t\t\t\t\t\t\t<div class=\"post-img-wrapp\">\n\t\t\t\t\t\t\t\t<a href=\"https:\/\/tonymora.com\/de\/amelia-schweden\/\">\n\t\t\t\t\t\t\t\t\t<img width=\"566\" height=\"800\" src=\"https:\/\/tonymora.com\/wp-content\/uploads\/2019\/09\/Amelia-724x1024.jpg\" class=\"attachment-large size-large\" alt=\"\" decoding=\"async\" fetchpriority=\"high\" srcset=\"https:\/\/tonymora.com\/wp-content\/uploads\/2019\/09\/Amelia-724x1024.jpg 724w, https:\/\/tonymora.com\/wp-content\/uploads\/2019\/09\/Amelia-430x608.jpg 430w, https:\/\/tonymora.com\/wp-content\/uploads\/2019\/09\/Amelia-150x212.jpg 150w, https:\/\/tonymora.com\/wp-content\/uploads\/2019\/09\/Amelia-700x990.jpg 700w, https:\/\/tonymora.com\/wp-content\/uploads\/2019\/09\/Amelia-212x300.jpg 212w, https:\/\/tonymora.com\/wp-content\/uploads\/2019\/09\/Amelia-768x1086.jpg 768w, https:\/\/tonymora.com\/wp-content\/uploads\/2019\/09\/Amelia-897x1269.jpg 897w, https:\/\/tonymora.com\/wp-content\/uploads\/2019\/09\/Amelia.jpg 1240w\" sizes=\"(max-width: 566px) 100vw, 566px\" \/>\t\t\t\t\t\t\t\t<\/a>\n\t\t\t\t\t\t\t<\/div>\n\t\t\t\t\t\t\t<div class=\"post-image-mask\">\n\t\t\t\t\t\t\t\t<span><\/span>\n\t\t\t\t\t\t\t<\/div>\n\n\t\t\t\t\t\t\n\t\t\t\t\t<\/figure>\n\t\t\t\t\n\t\t\t\t\t\t\t\t\t\t\t\t<div class=\"post-date wd-post-date wd-style-with-bg\">\n\t\t\t\t<span class=\"post-date-day\">\n\t\t\t\t\t06\t\t\t\t<\/span>\n\t\t\t\t<span class=\"post-date-month\">\n\t\t\t\t\tSep.\t\t\t\t<\/span>\n\t\t\t<\/div>\n\t\t\t\t\t\t\n\t\t\t<\/header><!-- .entry-header -->\n\n\t\t<div class=\"article-body-container\">\n\t\t\t\n\t\t\t\t\n\t\t\t\t\t\t\t\t\t<h3 class=\"wd-entities-title title post-title\">\n\t\t\t\t\t\t<a href=\"https:\/\/tonymora.com\/de\/amelia-schweden\/\" rel=\"bookmark\">Amelia &#8211; Schweden<\/a>\n\t\t\t\t\t<\/h3>\n\t\t\t\t\n\t\t\t\t\t\t\t\n\t\t\t\t\t\t\t\n\t\t\t\t                    <div class=\"entry-content wd-entry-content\">\n\t\t\t\t\t\t\nModell, das seinen Stil mit Tony Mora Stiefeln kombiniert.\n\n\t\t\t\t\t\t\t\t\t\t\t<\/div><!-- .entry-content -->\n\t\t\t\t\n\t\t\t\t\t\t\t\t\t\t\t\t\t\t<p class=\"read-more-section\">\n\t\t\t\t\t\t<a class=\"btn-read-more more-link\" href=\"https:\/\/tonymora.com\/de\/amelia-schweden\/\">Weiterlesen<\/a>\t\t\t\t\t<\/p>\n\t\t\t\t\t\t\t\t\t\t\t\n\t\t\t\n\t\t\t\t\t<\/div>\n\t<\/div>\n<\/article><!-- #post -->\n\n\n\t\t\t\t\t\t\t\t\t\t\t\n<article id=\"post-287920\" class=\"wd-post blog-design-masonry blog-post-loop blog-style-bg wd-add-shadow wd-col post-287920 post type-post status-publish format-standard has-post-thumbnail hentry category-presse\">\n\t<div class=\"article-inner\">\n\t\t\t\t\t<header class=\"entry-header\">\n\t\t\t\t\t\t\t\t\t<figure id=\"carousel-737\" class=\"entry-thumbnail\">\n\t\t\t\t\t\t\n\t\t\t\t\t\t\t<div class=\"post-img-wrapp\">\n\t\t\t\t\t\t\t\t<a href=\"https:\/\/tonymora.com\/de\/mode-skonhet-schweden\/\">\n\t\t\t\t\t\t\t\t\t<img width=\"566\" height=\"800\" src=\"https:\/\/tonymora.com\/wp-content\/uploads\/2019\/09\/Mode-Sko??nhet-724x1024.jpg\" class=\"attachment-large size-large\" alt=\"\" decoding=\"async\" srcset=\"https:\/\/tonymora.com\/wp-content\/uploads\/2019\/09\/Mode-Sko??nhet-724x1024.jpg 724w, https:\/\/tonymora.com\/wp-content\/uploads\/2019\/09\/Mode-Sko??nhet-212x300.jpg 212w, https:\/\/tonymora.com\/wp-content\/uploads\/2019\/09\/Mode-Sko??nhet-768x1086.jpg 768w, https:\/\/tonymora.com\/wp-content\/uploads\/2019\/09\/Mode-Sko??nhet-897x1269.jpg 897w, https:\/\/tonymora.com\/wp-content\/uploads\/2019\/09\/Mode-Sko??nhet.jpg 1240w\" sizes=\"(max-width: 566px) 100vw, 566px\" \/>\t\t\t\t\t\t\t\t<\/a>\n\t\t\t\t\t\t\t<\/div>\n\t\t\t\t\t\t\t<div class=\"post-image-mask\">\n\t\t\t\t\t\t\t\t<span><\/span>\n\t\t\t\t\t\t\t<\/div>\n\n\t\t\t\t\t\t\n\t\t\t\t\t<\/figure>\n\t\t\t\t\n\t\t\t\t\t\t\t\t\t\t\t\t<div class=\"post-date wd-post-date wd-style-with-bg\">\n\t\t\t\t<span class=\"post-date-day\">\n\t\t\t\t\t06\t\t\t\t<\/span>\n\t\t\t\t<span class=\"post-date-month\">\n\t\t\t\t\tSep.\t\t\t\t<\/span>\n\t\t\t<\/div>\n\t\t\t\t\t\t\n\t\t\t<\/header><!-- .entry-header -->\n\n\t\t<div class=\"article-body-container\">\n\t\t\t\n\t\t\t\t\n\t\t\t\t\t\t\t\t\t<h3 class=\"wd-entities-title title post-title\">\n\t\t\t\t\t\t<a href=\"https:\/\/tonymora.com\/de\/mode-skonhet-schweden\/\" rel=\"bookmark\">Mode &amp; Skonhet &#8211; Schweden<\/a>\n\t\t\t\t\t<\/h3>\n\t\t\t\t\n\t\t\t\t\t\t\t\n\t\t\t\t\t\t\t\n\t\t\t\t                    <div class=\"entry-content wd-entry-content\">\n\t\t\t\t\t\t\nOutdoor-Foto mit einem Model, das unsere Stiefel tr\u00e4gt.\n\n\t\t\t\t\t\t\t\t\t\t\t<\/div><!-- .entry-content -->\n\t\t\t\t\n\t\t\t\t\t\t\t\t\t\t\t\t\t\t<p class=\"read-more-section\">\n\t\t\t\t\t\t<a class=\"btn-read-more more-link\" href=\"https:\/\/tonymora.com\/de\/mode-skonhet-schweden\/\">Weiterlesen<\/a>\t\t\t\t\t<\/p>\n\t\t\t\t\t\t\t\t\t\t\t\n\t\t\t\n\t\t\t\t\t<\/div>\n\t<\/div>\n<\/article><!-- #post -->\n\n\n\t\t\t\t\t\t\t\t\t\t\t\n<article id=\"post-287915\" class=\"wd-post blog-design-masonry blog-post-loop blog-style-bg wd-add-shadow wd-col post-287915 post type-post status-publish format-standard has-post-thumbnail hentry category-presse\">\n\t<div class=\"article-inner\">\n\t\t\t\t\t<header class=\"entry-header\">\n\t\t\t\t\t\t\t\t\t<figure id=\"carousel-519\" class=\"entry-thumbnail\">\n\t\t\t\t\t\t\n\t\t\t\t\t\t\t<div class=\"post-img-wrapp\">\n\t\t\t\t\t\t\t\t<a href=\"https:\/\/tonymora.com\/de\/fabelhafte-mama-holland\/\">\n\t\t\t\t\t\t\t\t\t<img width=\"566\" height=\"800\" src=\"https:\/\/tonymora.com\/wp-content\/uploads\/2019\/09\/FabulousMama-724x1024.jpg\" class=\"attachment-large size-large\" alt=\"\" decoding=\"async\" srcset=\"https:\/\/tonymora.com\/wp-content\/uploads\/2019\/09\/FabulousMama-724x1024.jpg 724w, https:\/\/tonymora.com\/wp-content\/uploads\/2019\/09\/FabulousMama-430x608.jpg 430w, https:\/\/tonymora.com\/wp-content\/uploads\/2019\/09\/FabulousMama-150x212.jpg 150w, https:\/\/tonymora.com\/wp-content\/uploads\/2019\/09\/FabulousMama-700x990.jpg 700w, https:\/\/tonymora.com\/wp-content\/uploads\/2019\/09\/FabulousMama-212x300.jpg 212w, https:\/\/tonymora.com\/wp-content\/uploads\/2019\/09\/FabulousMama-768x1086.jpg 768w, https:\/\/tonymora.com\/wp-content\/uploads\/2019\/09\/FabulousMama-897x1269.jpg 897w, https:\/\/tonymora.com\/wp-content\/uploads\/2019\/09\/FabulousMama.jpg 1240w\" sizes=\"(max-width: 566px) 100vw, 566px\" \/>\t\t\t\t\t\t\t\t<\/a>\n\t\t\t\t\t\t\t<\/div>\n\t\t\t\t\t\t\t<div class=\"post-image-mask\">\n\t\t\t\t\t\t\t\t<span><\/span>\n\t\t\t\t\t\t\t<\/div>\n\n\t\t\t\t\t\t\n\t\t\t\t\t<\/figure>\n\t\t\t\t\n\t\t\t\t\t\t\t\t\t\t\t\t<div class=\"post-date wd-post-date wd-style-with-bg\">\n\t\t\t\t<span class=\"post-date-day\">\n\t\t\t\t\t06\t\t\t\t<\/span>\n\t\t\t\t<span class=\"post-date-month\">\n\t\t\t\t\tSep.\t\t\t\t<\/span>\n\t\t\t<\/div>\n\t\t\t\t\t\t\n\t\t\t<\/header><!-- .entry-header -->\n\n\t\t<div class=\"article-body-container\">\n\t\t\t\n\t\t\t\t\n\t\t\t\t\t\t\t\t\t<h3 class=\"wd-entities-title title post-title\">\n\t\t\t\t\t\t<a href=\"https:\/\/tonymora.com\/de\/fabelhafte-mama-holland\/\" rel=\"bookmark\">Fabelhafte Mama &#8211; Holland<\/a>\n\t\t\t\t\t<\/h3>\n\t\t\t\t\n\t\t\t\t\t\t\t\n\t\t\t\t\t\t\t\n\t\t\t\t                    <div class=\"entry-content wd-entry-content\">\n\t\t\t\t\t\t\nCover des Magazins, in dem das Model Tony Mora Stiefel tr\u00e4gt, w\u00e4hrend sie ihr Baby h\u00e4lt.\n\n\t\t\t\t\t\t\t\t\t\t\t<\/div><!-- .entry-content -->\n\t\t\t\t\n\t\t\t\t\t\t\t\t\t\t\t\t\t\t<p class=\"read-more-section\">\n\t\t\t\t\t\t<a class=\"btn-read-more more-link\" href=\"https:\/\/tonymora.com\/de\/fabelhafte-mama-holland\/\">Weiterlesen<\/a>\t\t\t\t\t<\/p>\n\t\t\t\t\t\t\t\t\t\t\t\n\t\t\t\n\t\t\t\t\t<\/div>\n\t<\/div>\n<\/article><!-- #post -->\n\n\n\t\t\t\t\t\t\t\t\t\t\t\n<article id=\"post-287933\" class=\"wd-post blog-design-masonry blog-post-loop blog-style-bg wd-add-shadow wd-col post-287933 post type-post status-publish format-standard has-post-thumbnail hentry category-presse\">\n\t<div class=\"article-inner\">\n\t\t\t\t\t<header class=\"entry-header\">\n\t\t\t\t\t\t\t\t\t<figure id=\"carousel-986\" class=\"entry-thumbnail\">\n\t\t\t\t\t\t\n\t\t\t\t\t\t\t<div class=\"post-img-wrapp\">\n\t\t\t\t\t\t\t\t<a href=\"https:\/\/tonymora.com\/de\/gazet-van-antwerpen-magazine\/\">\n\t\t\t\t\t\t\t\t\t<img width=\"566\" height=\"800\" src=\"https:\/\/tonymora.com\/wp-content\/uploads\/2019\/09\/Gazet-Van-Antwerpen-Magazine-724x1024.jpg\" class=\"attachment-large size-large\" alt=\"Magazine Belgica\" decoding=\"async\" loading=\"lazy\" srcset=\"https:\/\/tonymora.com\/wp-content\/uploads\/2019\/09\/Gazet-Van-Antwerpen-Magazine-724x1024.jpg 724w, https:\/\/tonymora.com\/wp-content\/uploads\/2019\/09\/Gazet-Van-Antwerpen-Magazine-430x608.jpg 430w, https:\/\/tonymora.com\/wp-content\/uploads\/2019\/09\/Gazet-Van-Antwerpen-Magazine-150x212.jpg 150w, https:\/\/tonymora.com\/wp-content\/uploads\/2019\/09\/Gazet-Van-Antwerpen-Magazine-700x990.jpg 700w, https:\/\/tonymora.com\/wp-content\/uploads\/2019\/09\/Gazet-Van-Antwerpen-Magazine-212x300.jpg 212w, https:\/\/tonymora.com\/wp-content\/uploads\/2019\/09\/Gazet-Van-Antwerpen-Magazine-768x1086.jpg 768w, https:\/\/tonymora.com\/wp-content\/uploads\/2019\/09\/Gazet-Van-Antwerpen-Magazine-897x1269.jpg 897w, https:\/\/tonymora.com\/wp-content\/uploads\/2019\/09\/Gazet-Van-Antwerpen-Magazine.jpg 1240w\" sizes=\"auto, (max-width: 566px) 100vw, 566px\" \/>\t\t\t\t\t\t\t\t<\/a>\n\t\t\t\t\t\t\t<\/div>\n\t\t\t\t\t\t\t<div class=\"post-image-mask\">\n\t\t\t\t\t\t\t\t<span><\/span>\n\t\t\t\t\t\t\t<\/div>\n\n\t\t\t\t\t\t\n\t\t\t\t\t<\/figure>\n\t\t\t\t\n\t\t\t\t\t\t\t\t\t\t\t\t<div class=\"post-date wd-post-date wd-style-with-bg\">\n\t\t\t\t<span class=\"post-date-day\">\n\t\t\t\t\t06\t\t\t\t<\/span>\n\t\t\t\t<span class=\"post-date-month\">\n\t\t\t\t\tSep.\t\t\t\t<\/span>\n\t\t\t<\/div>\n\t\t\t\t\t\t\n\t\t\t<\/header><!-- .entry-header -->\n\n\t\t<div class=\"article-body-container\">\n\t\t\t\n\t\t\t\t\n\t\t\t\t\t\t\t\t\t<h3 class=\"wd-entities-title title post-title\">\n\t\t\t\t\t\t<a href=\"https:\/\/tonymora.com\/de\/gazet-van-antwerpen-magazine\/\" rel=\"bookmark\">Gazet Van Antwerpen Magazine &#8211; Belgien<\/a>\n\t\t\t\t\t<\/h3>\n\t\t\t\t\n\t\t\t\t\t\t\t\n\t\t\t\t\t\t\t\n\t\t\t\t                    <div class=\"entry-content wd-entry-content\">\n\t\t\t\t\t\t\nTitelfoto mit mehreren Modellen, die einen unserer Stiefel mit mehr Erfolg zeigen.\n\n\t\t\t\t\t\t\t\t\t\t\t<\/div><!-- .entry-content -->\n\t\t\t\t\n\t\t\t\t\t\t\t\t\t\t\t\t\t\t<p class=\"read-more-section\">\n\t\t\t\t\t\t<a class=\"btn-read-more more-link\" href=\"https:\/\/tonymora.com\/de\/gazet-van-antwerpen-magazine\/\">Weiterlesen<\/a>\t\t\t\t\t<\/p>\n\t\t\t\t\t\t\t\t\t\t\t\n\t\t\t\n\t\t\t\t\t<\/div>\n\t<\/div>\n<\/article><!-- #post -->\n\n\n\t\t\t\t\t\t\t\t\t\t\t\n<article id=\"post-287092\" class=\"wd-post blog-design-masonry blog-post-loop blog-style-bg wd-add-shadow wd-col post-287092 post type-post status-publish format-standard has-post-thumbnail hentry category-presse\">\n\t<div class=\"article-inner\">\n\t\t\t\t\t<header class=\"entry-header\">\n\t\t\t\t\t\t\t\t\t<figure id=\"carousel-779\" class=\"entry-thumbnail\">\n\t\t\t\t\t\t\n\t\t\t\t\t\t\t<div class=\"post-img-wrapp\">\n\t\t\t\t\t\t\t\t<a href=\"https:\/\/tonymora.com\/de\/kodd-magazine-com-francia\/\">\n\t\t\t\t\t\t\t\t\t<img width=\"534\" height=\"800\" src=\"https:\/\/tonymora.com\/wp-content\/uploads\/2019\/09\/Kodd-magazine.com-FR-683x1024.jpg\" class=\"attachment-large size-large\" alt=\"\" decoding=\"async\" loading=\"lazy\" srcset=\"https:\/\/tonymora.com\/wp-content\/uploads\/2019\/09\/Kodd-magazine.com-FR-683x1024.jpg 683w, https:\/\/tonymora.com\/wp-content\/uploads\/2019\/09\/Kodd-magazine.com-FR-430x645.jpg 430w, https:\/\/tonymora.com\/wp-content\/uploads\/2019\/09\/Kodd-magazine.com-FR-150x225.jpg 150w, https:\/\/tonymora.com\/wp-content\/uploads\/2019\/09\/Kodd-magazine.com-FR-700x1050.jpg 700w, https:\/\/tonymora.com\/wp-content\/uploads\/2019\/09\/Kodd-magazine.com-FR-200x300.jpg 200w, https:\/\/tonymora.com\/wp-content\/uploads\/2019\/09\/Kodd-magazine.com-FR-768x1152.jpg 768w, https:\/\/tonymora.com\/wp-content\/uploads\/2019\/09\/Kodd-magazine.com-FR.jpg 800w\" sizes=\"auto, (max-width: 534px) 100vw, 534px\" \/>\t\t\t\t\t\t\t\t<\/a>\n\t\t\t\t\t\t\t<\/div>\n\t\t\t\t\t\t\t<div class=\"post-image-mask\">\n\t\t\t\t\t\t\t\t<span><\/span>\n\t\t\t\t\t\t\t<\/div>\n\n\t\t\t\t\t\t\n\t\t\t\t\t<\/figure>\n\t\t\t\t\n\t\t\t\t\t\t\t\t\t\t\t\t<div class=\"post-date wd-post-date wd-style-with-bg\">\n\t\t\t\t<span class=\"post-date-day\">\n\t\t\t\t\t06\t\t\t\t<\/span>\n\t\t\t\t<span class=\"post-date-month\">\n\t\t\t\t\tSep.\t\t\t\t<\/span>\n\t\t\t<\/div>\n\t\t\t\t\t\t\n\t\t\t<\/header><!-- .entry-header -->\n\n\t\t<div class=\"article-body-container\">\n\t\t\t\n\t\t\t\t\n\t\t\t\t\t\t\t\t\t<h3 class=\"wd-entities-title title post-title\">\n\t\t\t\t\t\t<a href=\"https:\/\/tonymora.com\/de\/kodd-magazine-com-francia\/\" rel=\"bookmark\">kodd-magazine.com &#8211; Frankreich<\/a>\n\t\t\t\t\t<\/h3>\n\t\t\t\t\n\t\t\t\t\t\t\t\n\t\t\t\t\t\t\t\n\t\t\t\t                    <div class=\"entry-content wd-entry-content\">\n\t\t\t\t\t\t\nFotoshooting mit einem Model, das Tony Mora Stiefel tr\u00e4gt\n\nhttps:\/\/kod...\n\t\t\t\t\t\t\t\t\t\t\t<\/div><!-- .entry-content -->\n\t\t\t\t\n\t\t\t\t\t\t\t\t\t\t\t\t\t\t<p class=\"read-more-section\">\n\t\t\t\t\t\t<a class=\"btn-read-more more-link\" href=\"https:\/\/tonymora.com\/de\/kodd-magazine-com-francia\/\">Weiterlesen<\/a>\t\t\t\t\t<\/p>\n\t\t\t\t\t\t\t\t\t\t\t\n\t\t\t\n\t\t\t\t\t<\/div>\n\t<\/div>\n<\/article><!-- #post -->\n\n\n\t\t\t\t\t\t\t\t\t\t\t\n<article id=\"post-293744\" class=\"wd-post blog-design-masonry blog-post-loop blog-style-bg wd-add-shadow wd-col post-293744 post type-post status-publish format-standard has-post-thumbnail hentry category-blog-de\">\n\t<div class=\"article-inner\">\n\t\t\t\t\t<header class=\"entry-header\">\n\t\t\t\t\t\t\t\t\t<figure id=\"carousel-485\" class=\"entry-thumbnail\">\n\t\t\t\t\t\t\n\t\t\t\t\t\t\t<div class=\"post-img-wrapp\">\n\t\t\t\t\t\t\t\t<a href=\"https:\/\/tonymora.com\/de\/tony-moras-stiefel-erneuern-ihre-digitale-prasenz\/\">\n\t\t\t\t\t\t\t\t\t<img width=\"1288\" height=\"800\" src=\"https:\/\/tonymora.com\/wp-content\/uploads\/2023\/12\/LOGO-1288x800.jpg\" class=\"attachment-large size-large\" alt=\"\" decoding=\"async\" loading=\"lazy\" srcset=\"https:\/\/tonymora.com\/wp-content\/uploads\/2023\/12\/LOGO-1288x800.jpg 1288w, https:\/\/tonymora.com\/wp-content\/uploads\/2023\/12\/LOGO-400x248.jpg 400w, https:\/\/tonymora.com\/wp-content\/uploads\/2023\/12\/LOGO-768x477.jpg 768w, https:\/\/tonymora.com\/wp-content\/uploads\/2023\/12\/LOGO-1536x954.jpg 1536w, https:\/\/tonymora.com\/wp-content\/uploads\/2023\/12\/LOGO-2048x1272.jpg 2048w, https:\/\/tonymora.com\/wp-content\/uploads\/2023\/12\/LOGO-860x534.jpg 860w, https:\/\/tonymora.com\/wp-content\/uploads\/2023\/12\/LOGO-430x267.jpg 430w, https:\/\/tonymora.com\/wp-content\/uploads\/2023\/12\/LOGO-700x435.jpg 700w, https:\/\/tonymora.com\/wp-content\/uploads\/2023\/12\/LOGO-150x93.jpg 150w\" sizes=\"auto, (max-width: 1288px) 100vw, 1288px\" \/>\t\t\t\t\t\t\t\t<\/a>\n\t\t\t\t\t\t\t<\/div>\n\t\t\t\t\t\t\t<div class=\"post-image-mask\">\n\t\t\t\t\t\t\t\t<span><\/span>\n\t\t\t\t\t\t\t<\/div>\n\n\t\t\t\t\t\t\n\t\t\t\t\t<\/figure>\n\t\t\t\t\n\t\t\t\t\t\t\t\t\t\t\t\t<div class=\"post-date wd-post-date wd-style-with-bg\">\n\t\t\t\t<span class=\"post-date-day\">\n\t\t\t\t\t02\t\t\t\t<\/span>\n\t\t\t\t<span class=\"post-date-month\">\n\t\t\t\t\tSep.\t\t\t\t<\/span>\n\t\t\t<\/div>\n\t\t\t\t\t\t\n\t\t\t<\/header><!-- .entry-header -->\n\n\t\t<div class=\"article-body-container\">\n\t\t\t\n\t\t\t\t\n\t\t\t\t\t\t\t\t\t<h3 class=\"wd-entities-title title post-title\">\n\t\t\t\t\t\t<a href=\"https:\/\/tonymora.com\/de\/tony-moras-stiefel-erneuern-ihre-digitale-prasenz\/\" rel=\"bookmark\">Tony Moras Stiefel erneuern ihre digitale Pr\u00e4senz<\/a>\n\t\t\t\t\t<\/h3>\n\t\t\t\t\n\t\t\t\t\t\t\t\n\t\t\t\t\t\t\t\n\t\t\t\t                    <div class=\"entry-content wd-entry-content\">\n\t\t\t\t\t\t\nEin Unternehmen wie Tony Mora, seit mehr als 100 Jahren Experte in der Herstellung von handgefertigten Stiefeln m...\n\t\t\t\t\t\t\t\t\t\t\t<\/div><!-- .entry-content -->\n\t\t\t\t\n\t\t\t\t\t\t\t\t\t\t\t\t\t\t<p class=\"read-more-section\">\n\t\t\t\t\t\t<a class=\"btn-read-more more-link\" href=\"https:\/\/tonymora.com\/de\/tony-moras-stiefel-erneuern-ihre-digitale-prasenz\/\">Weiterlesen<\/a>\t\t\t\t\t<\/p>\n\t\t\t\t\t\t\t\t\t\t\t\n\t\t\t\n\t\t\t\t\t<\/div>\n\t<\/div>\n<\/article><!-- #post -->\n\n\n\t\t\t\t\t\n\t\t\t\t\t","status":"no-more-posts","nextPage":"?woo_ajax=1","currentPage":"https:\/\/tonymora.com\/de\/blog\/page\/7\/"}